[{"Descricao":"Ana Beatriz Oliveira Ara\u00fajo","Data de Publicacao":"11\/08\/2025","Data de Inicio":"11\/08\/2025","Data de Fim":"25\/11\/2025"},{"Descricao":"Ariel Silveira Penha de Vasconcelos","Data de Publicacao":"11\/08\/2025","Data de Inicio":"11\/08\/2025","Data de Fim":"25\/11\/2025"},{"Descricao":"Lorena Kenia de Miranda","Data de Publicacao":"11\/08\/2025","Data de Inicio":"11\/08\/2025","Data de Fim":"25\/11\/2025"},{"Descricao":"J\u00falia Albuquerque da Silva","Data de Publicacao":"11\/08\/2025","Data de Inicio":"11\/08\/2025","Data de Fim":"02\/12\/2025"},{"Descricao":"DECLARA\u00c7\u00c3O DE N\u00c3O MOVIMENTA\u00c7\u00c3O","Data de Publicacao":"01\/08\/2025","Data de Inicio":"01\/08\/2025","Data de Fim":"08\/08\/2025"},{"Descricao":"Maria Sara de Sousa Silva","Data de Publicacao":"13\/08\/2024","Data de Inicio":"13\/08\/2024","Data de Fim":"18\/12\/2024"},{"Descricao":"Jos\u00e9 Fabr\u00edcio dos Santos Oliveira","Data de Publicacao":"12\/08\/2024","Data de Inicio":"12\/08\/2024","Data de Fim":"18\/12\/2024"},{"Descricao":"Ana L\u00edvia Nascimento dos Santos","Data de Publicacao":"12\/08\/2024","Data de Inicio":"12\/08\/2024","Data de Fim":"12\/12\/2024"}]