[{"N\u00famero":"2024.08.01.01","Modalidade":"Preg\u00e3o","Objeto":"REGISTRO DE PRE\u00c7OS VISANDO EVENTUAL E FUTURA AQUISI\u00c7\u00c3O DE MATERIAL PERMANENTE PARA ATENDER AS NECESSIDADES DA C\u00c2MARA MUNICIPAL DE ITAREMA-CE.","Data":"26\/08\/2024","Valor Estimado":"-","Situa\u00e7\u00e3o":"Fechada","\u00d3rg\u00e3o":"C\u00e2mara Municipal de Itarema","Publica\u00e7\u00e3o":"12\/08\/2024"},{"N\u00famero":"2023.06.02.03","Modalidade":"Preg\u00e3o","Objeto":"AQUISI\u00c7\u00c3O DE GENEROS ALIMENT\u00cdCIOS PARA ATENDER AS NECESSIDADES DA C\u00c2MARA MUNICIPAL DE ITAREMA\/CE.","Data":"28\/06\/2023","Valor Estimado":"-","Situa\u00e7\u00e3o":"Fechada","\u00d3rg\u00e3o":"-","Publica\u00e7\u00e3o":"15\/06\/2023"},{"N\u00famero":"2023.06.02.01","Modalidade":"Preg\u00e3o","Objeto":"AQUISI\u00c7\u00c3O DE MATERIAL DE LIMPEZA, HIGIENE, COPA E COZINHA PARA ATENDER AS NECESSIDADES DA C\u00c2MARA MUNICIPAL DE ITAREMA-CE, CEAR\u00c1.","Data":"27\/06\/2023","Valor Estimado":"-","Situa\u00e7\u00e3o":"Revogada","\u00d3rg\u00e3o":"-","Publica\u00e7\u00e3o":"15\/06\/2023"},{"N\u00famero":"2023.05.16.01","Modalidade":"Preg\u00e3o","Objeto":"REGISTRO DE PRE\u00c7OS VISANDO EVENTUAL E FUTURA AQUISI\u00c7\u00c3O NO FORNECIMENTO DE COMBUST\u00cdVEIS PARA ATENDER AS NECESSIDADES DA C\u00c2MARA MUNICIPAL DE ITAREMA.","Data":"01\/06\/2023","Valor Estimado":"-","Situa\u00e7\u00e3o":"Fechada","\u00d3rg\u00e3o":"-","Publica\u00e7\u00e3o":"18\/05\/2023"},{"N\u00famero":"2023.03.23.01","Modalidade":"Preg\u00e3o","Objeto":"CONTRATA\u00c7\u00c3O PARA PRESTA\u00c7\u00c3O DE SERVI\u00c7OS LOCA\u00c7\u00c3O DE VE\u00cdCULOS, CONFORME ESPECIFICA\u00c7\u00d5ES, PARA ATENDIMENTO AS NECESSIDADES JUNTO A C\u00c2MARA MUNICIPAL DE ITAREMA, CEAR\u00c1.","Data":"02\/05\/2023","Valor Estimado":"-","Situa\u00e7\u00e3o":"Fechada","\u00d3rg\u00e3o":"-","Publica\u00e7\u00e3o":"14\/04\/2023"},{"N\u00famero":"2023.04.12.01","Modalidade":"Preg\u00e3o","Objeto":"REGISTRO DE PRE\u00c7OS VISANDO EVENTUAIS AQUISI\u00c7\u00c3O DE MATERIAL PERMANENTE E CONSUMO PARA ATENDER AS NECESSIDADES DA C\u00c2MARA MUNICIPAL DE ITAREMA-CE.","Data":"28\/04\/2023","Valor Estimado":"-","Situa\u00e7\u00e3o":"Fechada","\u00d3rg\u00e3o":"-","Publica\u00e7\u00e3o":"24\/04\/2023"},{"N\u00famero":"2023.01.20.1","Modalidade":"Preg\u00e3o","Objeto":"Contrata\u00e7\u00e3o de solu\u00e7\u00e3o de TI para atender as demandas da C\u00e2mara Municipal de Itarema.","Data":"16\/03\/2023","Valor Estimado":"-","Situa\u00e7\u00e3o":"Fechada","\u00d3rg\u00e3o":"-","Publica\u00e7\u00e3o":"03\/03\/2023"},{"N\u00famero":"001\/2022","Modalidade":"Preg\u00e3o","Objeto":"CONTRATA\u00c7\u00c3O PARA PRESTA\u00c7\u00c3O DOS SERVI\u00c7OS ESPECIALIZADOS DE ASSESSORIA E CONSULTORIA JUNTO AO SETOR DE LICITA\u00c7\u00d5ES DA C\u00c2MARA MUNICIPAL DE ITAREMA-CE","Data":"28\/03\/2022","Valor Estimado":"-","Situa\u00e7\u00e3o":"Fechada","\u00d3rg\u00e3o":"-","Publica\u00e7\u00e3o":"15\/03\/2022"},{"N\u00famero":"001\/2021","Modalidade":"Preg\u00e3o","Objeto":"CONTRATA\u00c7\u00c3O PARA A AQUISI\u00c7\u00c3O DE MATERIAL PERMANENTE, CONFORME TERMO DE REFER\u00caNCIA, PARA ATENDER AS NECESSIDADES DA C\u00c2MARA MUNICIPAL DE ITAREMA-CE","Data":"19\/11\/2021","Valor Estimado":"-","Situa\u00e7\u00e3o":"Fechada","\u00d3rg\u00e3o":"-","Publica\u00e7\u00e3o":"04\/11\/2021"},{"N\u00famero":"001\/2021","Modalidade":"Preg\u00e3o","Objeto":"CONTRATA\u00c7\u00c3O PARA LOCA\u00c7\u00c3O E LICEN\u00c7A DE USO DE SISTEMAS INFORMATIZADOS, CONFORME ESPECIFICA\u00c7\u00c3O NO EDITAL, JUNTO A C\u00c2MARA MUNICIPAL DE ITAREMA - CE","Data":"26\/03\/2021","Valor Estimado":"-","Situa\u00e7\u00e3o":"Fechada","\u00d3rg\u00e3o":"-","Publica\u00e7\u00e3o":"26\/03\/2021"},{"N\u00famero":"001\/2020","Modalidade":"Preg\u00e3o","Objeto":"AQUISI\u00c7\u00c3O DE MATERIAIS DE EXPEDIENTE, CONSUMO E PERMANENTE, CONFORME ESPECIFICA\u00c7\u00d5ES DO EDITAL, JUNTO A C\u00c2MARA MUNICIPAL DE ITAREMA - CE","Data":"15\/09\/2020","Valor Estimado":"-","Situa\u00e7\u00e3o":"Fechada","\u00d3rg\u00e3o":"-","Publica\u00e7\u00e3o":"02\/09\/2020"},{"N\u00famero":"2019.11.08.01","Modalidade":"Preg\u00e3o","Objeto":"AQUISI\u00c7\u00c3O E INSTALA\u00c7\u00c3O DE C\u00c2MERAS DE SEGURAN\u00c7A, ALARME E CERCA EL\u00c9TRICA JUNTO \u00c0 C\u00c2MARA MUNICIPAL DE ITAREMA \u2013 CE, CONFORME ESPECIFICA\u00c7\u00c3O NO EDITAL","Data":"08\/11\/2019","Valor Estimado":"-","Situa\u00e7\u00e3o":"Fechada","\u00d3rg\u00e3o":"-","Publica\u00e7\u00e3o":"24\/10\/2019"},{"N\u00famero":"2019.01.30.01","Modalidade":"Preg\u00e3o","Objeto":"AQUISI\u00c7\u00c3O DE MATERIAIS DE EXPEDIENTE, LIMPEZA E G\u00caNEROS ALIMENT\u00cdCIOS JUNTO \u00c0 C\u00c2MARA MUNICIPAL DE ITAREMA-CE","Data":"08\/03\/2019","Valor Estimado":"-","Situa\u00e7\u00e3o":"Fechada","\u00d3rg\u00e3o":"-","Publica\u00e7\u00e3o":"20\/02\/2019"},{"N\u00famero":"2019.01.16.01","Modalidade":"Preg\u00e3o","Objeto":"CONTRATA\u00c7\u00c3O PARA PRESTA\u00c7\u00c3O DE SERVI\u00c7OS DE DIGITALIZA\u00c7\u00c3O, TRATAMENTO DE DADOS E ARMAZENAMENTO EM M\u00cdDIA DIGITAL COM DISPONIBILIZA\u00c7\u00c3O EM PLATAFORMA ELETR\u00d4NICA JUNTO \u00c0 C\u00c2MARA MUNICIPAL DE ITAREMA-CE","Data":"01\/02\/2019","Valor Estimado":"-","Situa\u00e7\u00e3o":"Fechada","\u00d3rg\u00e3o":"-","Publica\u00e7\u00e3o":"17\/01\/2019"},{"N\u00famero":"2018.06.13.01","Modalidade":"Preg\u00e3o","Objeto":"CONTRATA\u00c7\u00c3O PARA PRESTA\u00c7\u00c3O DE SERVI\u00c7OS DE FISCAL DE OBRAS JUNTO \u00c0 C\u00c2MARA MUNICIPAL DE ITAREMA-CE.","Data":"29\/06\/2018","Valor Estimado":"-","Situa\u00e7\u00e3o":"Fechada","\u00d3rg\u00e3o":"-","Publica\u00e7\u00e3o":"19\/06\/2018"},{"N\u00famero":"2018.05.23.01","Modalidade":"Preg\u00e3o","Objeto":"CONTRATA\u00c7\u00c3O PARA PRESTA\u00c7\u00c3O DE SERVI\u00c7OS DE FISCAL DE OBRAS JUNTO \u00c0 C\u00c2MARA MUNICIPAL DE ITAREMA-CE","Data":"11\/06\/2018","Valor Estimado":"-","Situa\u00e7\u00e3o":"Deserta","\u00d3rg\u00e3o":"-","Publica\u00e7\u00e3o":"29\/05\/2018"},{"N\u00famero":"2018.03.21.01","Modalidade":"Preg\u00e3o","Objeto":"CONTRATA\u00c7\u00c3O PARA LOCA\u00c7\u00c3O DE SISTEMAS, CONFORME O EDITAL, JUNTO \u00c0 C\u00c2MARA MUNICIPAL DE ITAREMA-CE CONTRATA\u00c7\u00c3O PARA LOCA\u00c7\u00c3O DE SISTEMAS, CONFORME O EDITAL, JUNTO \u00c0 C\u00c2MARA MUNICIPAL DE ITAREMA-CE","Data":"06\/04\/2018","Valor Estimado":"-","Situa\u00e7\u00e3o":"Fechada","\u00d3rg\u00e3o":"-","Publica\u00e7\u00e3o":"22\/03\/2018"},{"N\u00famero":"2018.02.15.01","Modalidade":"Preg\u00e3o","Objeto":"CONTRATA\u00c7\u00c3O PARA LOCA\u00c7\u00c3O DE SISTEMAS, CONFORME O EDITAL, JUNTO \u00c0 C\u00c2MARA MUNICIPAL DE ITAREMA-CE","Data":"06\/04\/2018","Valor Estimado":"-","Situa\u00e7\u00e3o":"Fechada","\u00d3rg\u00e3o":"-","Publica\u00e7\u00e3o":"22\/03\/2018"},{"N\u00famero":"2018.02.15.02","Modalidade":"Preg\u00e3o","Objeto":"CONTRATA\u00c7\u00c3O PARA PRESTA\u00c7\u00c3O DE SERVI\u00c7OS DE MANUTEN\u00c7\u00c3O CORRETIVA E PREVENTIVA NOS COMPUTADORES, IMPRESSORAS E MATERIAIS DE INFORM\u00c1TICA, SEM REPOSI\u00c7\u00c3O DE PE\u00c7AS, JUNTO \u00c0 C\u00c2MARA MUNICIPAL DE ITAREMA-CE","Data":"02\/03\/2018","Valor Estimado":"-","Situa\u00e7\u00e3o":"Fechada","\u00d3rg\u00e3o":"-","Publica\u00e7\u00e3o":"19\/02\/2018"},{"N\u00famero":"2018.02.15.01","Modalidade":"Preg\u00e3o","Objeto":"CONTRATA\u00c7\u00c3O PARA PRESTA\u00c7\u00c3O DE SERVI\u00c7OS DE ASSESSORIA EM CONTROLE INTERNO JUNTO \u00c0 C\u00c2MARA MUNICIPAL DE ITAREMA-CE","Data":"02\/03\/2018","Valor Estimado":"-","Situa\u00e7\u00e3o":"Fechada","\u00d3rg\u00e3o":"-","Publica\u00e7\u00e3o":"19\/02\/2018"},{"N\u00famero":"2018.01.09.01","Modalidade":"Preg\u00e3o","Objeto":"CONTRATA\u00c7\u00c3O PARA PRESTA\u00c7\u00c3O DE SERVI\u00c7O DE MANUTEN\u00c7\u00c3O, DIAGRAMA\u00c7\u00c3O E AMBIENTA\u00c7\u00c3O DO SITE OFICIAL E GEST\u00c3O DE REDES SOCIAIS DA C\u00c2MARA MUNICIPAL DE ITAREMA - CE.","Data":"26\/01\/2018","Valor Estimado":"-","Situa\u00e7\u00e3o":"Fechada","\u00d3rg\u00e3o":"-","Publica\u00e7\u00e3o":"15\/01\/2018"},{"N\u00famero":"2018.01.03.02","Modalidade":"Preg\u00e3o","Objeto":"CONTRATA\u00c7\u00c3O PARA PRESTA\u00c7\u00c3O DE SERVI\u00c7OS DE LOCA\u00c7\u00c3O DE 01 (UM) VE\u00cdCULO, COM MOTORISTA, COM AR CONDICIONADO, DIRE\u00c7\u00c3O HIDR\u00c1ULICA, POT\u00caNCIA M\u00cdNIMA 1.6, COM NO M\u00c1XIMO 5 ANOS DE USO, PARA ATENDER AS NECESSIDADES DA C\u00c2MARA MUNICIPAL DE ITAREMA-CE.","Data":"19\/01\/2018","Valor Estimado":"-","Situa\u00e7\u00e3o":"Fechada","\u00d3rg\u00e3o":"-","Publica\u00e7\u00e3o":"09\/01\/2018"},{"N\u00famero":"2018.01.03.01","Modalidade":"Preg\u00e3o","Objeto":"CONTRATA\u00c7\u00c3O PARA PRESTA\u00c7\u00c3O DE SERVI\u00c7OS DE DIGITALIZA\u00c7\u00c3O, TRATAMENTO DE DADOS E ARMAZENAMENTO EM M\u00cdDIA DIGITAL COM DISPONIBILIZA\u00c7\u00c3O EM PLATAFORMA ELETR\u00d4NICA JUNTO \u00c0 C\u00c2MARA MUNICIPAL DE ITAREMA-CE","Data":"09\/01\/2018","Valor Estimado":"-","Situa\u00e7\u00e3o":"Fechada","\u00d3rg\u00e3o":"-","Publica\u00e7\u00e3o":"09\/01\/2018"},{"N\u00famero":"24.11.01\/2017","Modalidade":"Preg\u00e3o","Objeto":"CONTRATA\u00c7\u00c3O VISANDO FUTURAS E EVENTUAIS AQUISI\u00c7\u00d5ES DE COMBUST\u00cdVEL AUTOMOTIVO PARA ATENDER AS NECESSIDADES DA C\u00c2MARA MUNICIPAL DE ITAREMA-CE","Data":"14\/12\/2017","Valor Estimado":"-","Situa\u00e7\u00e3o":"Fechada","\u00d3rg\u00e3o":"-","Publica\u00e7\u00e3o":"04\/12\/2017"},{"N\u00famero":"20.11.01\/2017","Modalidade":"Preg\u00e3o","Objeto":"CONTRATA\u00c7\u00c3O VISANDO FUTURAS E EVENTUAIS AQUISI\u00c7\u00d5ES DE MATERIAIS DE EXPEDIENTE, LIMPEZA E COPA\/COZINHA, JUNTO \u00c0 C\u00c2MARA MUNICIPAL DE ITAREMA-CE.","Data":"20\/11\/2017","Valor Estimado":"-","Situa\u00e7\u00e3o":"Fechada","\u00d3rg\u00e3o":"-","Publica\u00e7\u00e3o":"07\/11\/2017"},{"N\u00famero":"05.09.01.2017","Modalidade":"Preg\u00e3o","Objeto":"CONTRATA\u00c7\u00c3O PARA PRESTA\u00c7\u00c3O DE SERVI\u00c7OS DE ASSESSORIA EM CONTABILIDADE P\u00daBLICA, ASSESSORIA EM GEST\u00c3O DE RECURSOS HUMANOS E SERVI\u00c7OS DE DIGITALIZA\u00c7\u00c3O JUNTO A C\u00c2MARA MUNICIPAL DE ITAREMA-CE","Data":"19\/09\/2017","Valor Estimado":"-","Situa\u00e7\u00e3o":"Fechada","\u00d3rg\u00e3o":"C\u00e2mara Municipal de Itarema","Publica\u00e7\u00e3o":"05\/09\/2017"},{"N\u00famero":"28.08.01\/2017","Modalidade":"Preg\u00e3o","Objeto":"CONTRATA\u00c7\u00c3O PARA PRESTA\u00c7\u00c3O DE SERVI\u00c7OS ESPECIALIZADOS NA \u00c1REA DE CONTROLE INTERNO PARA ATENDER AS NECESSIDADES DA C\u00c2MARA MUNICIPAL DE ITAREMA-CE.","Data":"12\/09\/2017","Valor Estimado":"-","Situa\u00e7\u00e3o":"Fechada","\u00d3rg\u00e3o":"-","Publica\u00e7\u00e3o":"29\/08\/2017"},{"N\u00famero":"17.08.01\/2017","Modalidade":"Preg\u00e3o","Objeto":"CONTRATA\u00c7\u00c3O PARA EXECU\u00c7\u00c3O DE SERVI\u00c7OS EM VEICULA\u00c7\u00c3O DE PUBLICIDADE LEGAL, PARA PRESTAR SERVI\u00c7OS DE PUBLICA\u00c7\u00d5ES OFICIAIS EM JORNAL DE GRANDE CIRCULA\u00c7\u00c3O ESTADUAL, NO DI\u00c1RIO OFICIAL DO ESTADO DO CEAR\u00c1, DE INTERESSE DA C\u00c2MARA MUNICIPAL DE ITAREMA-CE","Data":"29\/08\/2017","Valor Estimado":"-","Situa\u00e7\u00e3o":"Fechada","\u00d3rg\u00e3o":"C\u00e2mara Municipal de Itarema","Publica\u00e7\u00e3o":"08\/08\/2017"},{"N\u00famero":"20.04.01\/2017","Modalidade":"Preg\u00e3o","Objeto":"CONTRATA\u00c7\u00c3O PARA PRESTA\u00c7\u00c3O DE SERVI\u00c7OS DE LOCA\u00c7\u00c3O DE SISTEMA INFORMATIZADO PARA REPRODU\u00c7\u00c3O E CATALOGA\u00c7\u00c3O DE IMAGENS DE DOCUMENTOS P\u00daBLICOS EM M\u00cdDIA DIGITAL, SISTEMA DE ALMOXARIFADO E SISTEMA DE COMBUST\u00cdVEL JUNTO A C\u00c2MARA MUNICIPAL DE ITAREMA-CE.","Data":"20\/04\/2017","Valor Estimado":"-","Situa\u00e7\u00e3o":"Fechada","\u00d3rg\u00e3o":"C\u00e2mara Municipal de Itarema","Publica\u00e7\u00e3o":"07\/04\/2017"},{"N\u00famero":"2017.02.03.01","Modalidade":"Preg\u00e3o","Objeto":"CONTRATA\u00c7\u00c3O PARA PRESTA\u00c7\u00c3O DE SERVI\u00c7OS ESPECIALIZADOS EM ASSESSORIA E CONSULTORIA CONT\u00c1BIL E SERVI\u00c7OS ESPECIALIZADOS NA GEST\u00c3O DE RECURSOS HUMANOS, JUNTO A C\u00c2MARA MUNICIPAL DE ITAREMA.","Data":"15\/02\/2017","Valor Estimado":"-","Situa\u00e7\u00e3o":"Fechada","\u00d3rg\u00e3o":"C\u00e2mara Municipal de Itarema","Publica\u00e7\u00e3o":"03\/02\/2017"}]